{"id":193,"date":"2017-06-13T13:43:56","date_gmt":"2017-06-13T11:43:56","guid":{"rendered":"http:\/\/www.kaffeebus.ch\/?p=193"},"modified":"2017-06-13T13:43:56","modified_gmt":"2017-06-13T11:43:56","slug":"charlotte-in-muehleberg","status":"publish","type":"post","link":"https:\/\/www.kaffeebus.ch\/index.php\/2017\/06\/13\/charlotte-in-muehleberg\/","title":{"rendered":"Charlotte in M\u00fchleberg"},"content":{"rendered":"<p>Die Reise von Charlotte f\u00fchrte dieses Mal nur \u00fcber wenige Kilometer bis nach M\u00fchleberg. \u00a0Die BKW veranstaltete dort einen Informationstag, hinsichtlich der <a href=\"https:\/\/bkw-portal-static.s3.amazonaws.com\/Webcontent\/bkw.ch\/fileadmin\/user_upload\/17_Stilllegung\/2015\/Flyer%20Infotag%20Entsorgen%20f%C3%BCr%20Morgen.pdf\" target=\"_blank\" rel=\"noopener noreferrer\">Stilllegung des AKW&#8217;s 2019<\/a>.<\/p>\n<p>Nebst vielen Informationsst\u00e4nden rund um das Atomkraftwerk, Radioaktive Abf\u00e4lle und deren Entsorgung stand Charlotte eher unauff\u00e4llig neben drei weiteren Foodtrucks. Aufgrund der heissen Temperaturen hielt sich der Kaffeekonsum zwar etwas in Grenzen, daf\u00fcr ergaben sich spontane und interessante Gespr\u00e4che mit den Besuchern. \u00dcber eine k\u00fcnftige Aufnahme eines Eiskaffees in das Sortiment m\u00fcssen wir wohl tats\u00e4chlich nachdenken&#8230;<\/p>\n<p>Wir fuhren dieses Mal mit zwei Maschinen, zwei M\u00fchlen und zwei verschiedenen Kaffeesorten auf und bereiteten vom Espresso bis zum Latte Macchiato s\u00e4mtliche Kaffeegetr\u00e4nke zu.<\/p>\n<p>Vielen Dank der BKW f\u00fcr die tolle Organisation und die Einladung!<\/p>\n<p><img decoding=\"async\" loading=\"lazy\" class=\"alignnone size-large wp-image-196\" src=\"http:\/\/www.kaffeebus.ch\/wp-content\/uploads\/2017\/06\/IMG_0720-682x1024.jpg\" alt=\"\" width=\"682\" height=\"1024\" srcset=\"https:\/\/www.kaffeebus.ch\/wp-content\/uploads\/2017\/06\/IMG_0720-682x1024.jpg 682w, https:\/\/www.kaffeebus.ch\/wp-content\/uploads\/2017\/06\/IMG_0720-600x900.jpg 600w, https:\/\/www.kaffeebus.ch\/wp-content\/uploads\/2017\/06\/IMG_0720-200x300.jpg 200w, https:\/\/www.kaffeebus.ch\/wp-content\/uploads\/2017\/06\/IMG_0720-768x1152.jpg 768w, https:\/\/www.kaffeebus.ch\/wp-content\/uploads\/2017\/06\/IMG_0720.jpg 1333w\" sizes=\"(max-width: 682px) 100vw, 682px\" \/>\u00a0\u00a0<img decoding=\"async\" loading=\"lazy\" class=\"alignnone size-large wp-image-198\" src=\"http:\/\/www.kaffeebus.ch\/wp-content\/uploads\/2017\/06\/IMG_0722-1024x682.jpg\" alt=\"\" width=\"700\" height=\"466\" srcset=\"https:\/\/www.kaffeebus.ch\/wp-content\/uploads\/2017\/06\/IMG_0722-1024x682.jpg 1024w, https:\/\/www.kaffeebus.ch\/wp-content\/uploads\/2017\/06\/IMG_0722-600x400.jpg 600w, https:\/\/www.kaffeebus.ch\/wp-content\/uploads\/2017\/06\/IMG_0722-300x200.jpg 300w, https:\/\/www.kaffeebus.ch\/wp-content\/uploads\/2017\/06\/IMG_0722-768x512.jpg 768w, https:\/\/www.kaffeebus.ch\/wp-content\/uploads\/2017\/06\/IMG_0722.jpg 2000w\" sizes=\"(max-width: 700px) 100vw, 700px\" \/> <img decoding=\"async\" loading=\"lazy\" class=\"alignnone size-large wp-image-199\" src=\"http:\/\/www.kaffeebus.ch\/wp-content\/uploads\/2017\/06\/IMG_0728-1024x682.jpg\" alt=\"\" width=\"700\" height=\"466\" srcset=\"https:\/\/www.kaffeebus.ch\/wp-content\/uploads\/2017\/06\/IMG_0728-1024x682.jpg 1024w, https:\/\/www.kaffeebus.ch\/wp-content\/uploads\/2017\/06\/IMG_0728-600x400.jpg 600w, https:\/\/www.kaffeebus.ch\/wp-content\/uploads\/2017\/06\/IMG_0728-300x200.jpg 300w, https:\/\/www.kaffeebus.ch\/wp-content\/uploads\/2017\/06\/IMG_0728-768x512.jpg 768w, https:\/\/www.kaffeebus.ch\/wp-content\/uploads\/2017\/06\/IMG_0728.jpg 2000w\" sizes=\"(max-width: 700px) 100vw, 700px\" \/><\/p>\n","protected":false},"excerpt":{"rendered":"<p>Die Reise von Charlotte f\u00fchrte dieses Mal nur \u00fcber wenige Kilometer bis nach M\u00fchleberg. \u00a0Die BKW veranstaltete dort einen Informationstag, hinsichtlich der Stilllegung des AKW&#8217;s 2019. Nebst vielen Informationsst\u00e4nden rund um das Atomkraftwerk, Radioaktive Abf\u00e4lle und deren Entsorgung stand Charlotte eher unauff\u00e4llig neben drei weiteren Foodtrucks. Aufgrund der heissen Temperaturen hielt sich der Kaffeekonsum zwar &#8230; <span class=\"more\"><a class=\"more-link\" href=\"https:\/\/www.kaffeebus.ch\/index.php\/2017\/06\/13\/charlotte-in-muehleberg\/\">[weiterlesen&#8230;]<\/a><\/span><\/p>\n","protected":false},"author":1,"featured_media":195,"comment_status":"closed","ping_status":"closed","sticky":false,"template":"","format":"standard","meta":[],"categories":[1],"tags":[],"_links":{"self":[{"href":"https:\/\/www.kaffeebus.ch\/index.php\/wp-json\/wp\/v2\/posts\/193"}],"collection":[{"href":"https:\/\/www.kaffeebus.ch\/index.php\/wp-json\/wp\/v2\/posts"}],"about":[{"href":"https:\/\/www.kaffeebus.ch\/index.php\/wp-json\/wp\/v2\/types\/post"}],"author":[{"embeddable":true,"href":"https:\/\/www.kaffeebus.ch\/index.php\/wp-json\/wp\/v2\/users\/1"}],"replies":[{"embeddable":true,"href":"https:\/\/www.kaffeebus.ch\/index.php\/wp-json\/wp\/v2\/comments?post=193"}],"version-history":[{"count":3,"href":"https:\/\/www.kaffeebus.ch\/index.php\/wp-json\/wp\/v2\/posts\/193\/revisions"}],"predecessor-version":[{"id":201,"href":"https:\/\/www.kaffeebus.ch\/index.php\/wp-json\/wp\/v2\/posts\/193\/revisions\/201"}],"wp:featuredmedia":[{"embeddable":true,"href":"https:\/\/www.kaffeebus.ch\/index.php\/wp-json\/wp\/v2\/media\/195"}],"wp:attachment":[{"href":"https:\/\/www.kaffeebus.ch\/index.php\/wp-json\/wp\/v2\/media?parent=193"}],"wp:term":[{"taxonomy":"category","embeddable":true,"href":"https:\/\/www.kaffeebus.ch\/index.php\/wp-json\/wp\/v2\/categories?post=193"},{"taxonomy":"post_tag","embeddable":true,"href":"https:\/\/www.kaffeebus.ch\/index.php\/wp-json\/wp\/v2\/tags?post=193"}],"curies":[{"name":"wp","href":"https:\/\/api.w.org\/{rel}","templated":true}]}}