{"id":204,"date":"2017-07-05T14:55:38","date_gmt":"2017-07-05T12:55:38","guid":{"rendered":"http:\/\/www.kaffeebus.ch\/?p=204"},"modified":"2017-07-05T15:08:54","modified_gmt":"2017-07-05T13:08:54","slug":"charlotte-in-muenchenbuchsee","status":"publish","type":"post","link":"https:\/\/www.kaffeebus.ch\/index.php\/2017\/07\/05\/charlotte-in-muenchenbuchsee\/","title":{"rendered":"Charlotte im Wind von M\u00fcnchenbuchsee"},"content":{"rendered":"<p>Dass Charlotte eine gewisse Robustheit an den Tag legen kann, bewies sie auch am vergangenen Wochenende. Der Sommer legte w\u00e4hrend drei Tagen eine kleinere Pause ein und zeigte sich von seiner k\u00e4lteren und vor allem windigeren Seite. Nichtsdestotrotz machten wir uns auf den Weg nach M\u00fcnchenbuchsee zum Tag der offenen T\u00fcr der Firma <a href=\"http:\/\/schmidstoren.ch\/\" target=\"_blank\" rel=\"noopener\">Schmid Storen<\/a>.<\/p>\n<p>Bevor wir mit dem Kaffee auftrumpfen konnten, waren vor allem am Freitagabend bei den vielen gut gelaunten G\u00e4sten erst einmal Bier und Wurst gefragt. Mit dem danach steigenden Konsum von Kaffeegetr\u00e4nken entstanden immer wieder spannende Gespr\u00e4che, welche sich um Kaffeebars in Trieste, die Qualit\u00e4t der Kaffeebohne oder aber auch um Charlotte selber drehten. Wir staunten einmal mehr \u00fcber die vielen fachkundigen Kaffeetrinker &#8211; der Trend, dass man sich mehr und mehr wieder mit der Qualit\u00e4t von Lebensmitteln auseinanderzusetzen scheint, freut uns sehr!<\/p>\n<p>Am Samstagnachmittag um 17.30 Uhr war f\u00fcr uns dann Schluss und unsere VW-Dame verliess die fr\u00f6hliche Gesellschaft mit viel Get\u00f6se in Richtung Bern.<\/p>\n<p><img decoding=\"async\" loading=\"lazy\" class=\"alignnone size-large wp-image-210\" src=\"http:\/\/www.kaffeebus.ch\/wp-content\/uploads\/2017\/07\/FullSizeRender5-768x1024.jpg\" alt=\"\" width=\"700\" height=\"933\" srcset=\"https:\/\/www.kaffeebus.ch\/wp-content\/uploads\/2017\/07\/FullSizeRender5-768x1024.jpg 768w, https:\/\/www.kaffeebus.ch\/wp-content\/uploads\/2017\/07\/FullSizeRender5-600x800.jpg 600w, https:\/\/www.kaffeebus.ch\/wp-content\/uploads\/2017\/07\/FullSizeRender5-225x300.jpg 225w, https:\/\/www.kaffeebus.ch\/wp-content\/uploads\/2017\/07\/FullSizeRender5.jpg 1224w\" sizes=\"(max-width: 700px) 100vw, 700px\" \/><\/p>\n<p><img decoding=\"async\" loading=\"lazy\" class=\"alignnone size-large wp-image-209\" src=\"http:\/\/www.kaffeebus.ch\/wp-content\/uploads\/2017\/07\/FullSizeRender4-768x1024.jpg\" alt=\"\" width=\"700\" height=\"933\" srcset=\"https:\/\/www.kaffeebus.ch\/wp-content\/uploads\/2017\/07\/FullSizeRender4-768x1024.jpg 768w, https:\/\/www.kaffeebus.ch\/wp-content\/uploads\/2017\/07\/FullSizeRender4-600x800.jpg 600w, https:\/\/www.kaffeebus.ch\/wp-content\/uploads\/2017\/07\/FullSizeRender4-225x300.jpg 225w, https:\/\/www.kaffeebus.ch\/wp-content\/uploads\/2017\/07\/FullSizeRender4.jpg 1224w\" sizes=\"(max-width: 700px) 100vw, 700px\" \/><\/p>\n<p><img decoding=\"async\" loading=\"lazy\" class=\"alignnone size-large wp-image-208\" src=\"http:\/\/www.kaffeebus.ch\/wp-content\/uploads\/2017\/07\/FullSizeRender3-1024x768.jpg\" alt=\"\" width=\"700\" height=\"525\" srcset=\"https:\/\/www.kaffeebus.ch\/wp-content\/uploads\/2017\/07\/FullSizeRender3-1024x768.jpg 1024w, https:\/\/www.kaffeebus.ch\/wp-content\/uploads\/2017\/07\/FullSizeRender3-600x450.jpg 600w, https:\/\/www.kaffeebus.ch\/wp-content\/uploads\/2017\/07\/FullSizeRender3-300x225.jpg 300w, https:\/\/www.kaffeebus.ch\/wp-content\/uploads\/2017\/07\/FullSizeRender3-768x576.jpg 768w, https:\/\/www.kaffeebus.ch\/wp-content\/uploads\/2017\/07\/FullSizeRender3.jpg 2016w\" sizes=\"(max-width: 700px) 100vw, 700px\" \/><\/p>\n<p><img decoding=\"async\" loading=\"lazy\" class=\"alignnone size-large wp-image-206\" src=\"http:\/\/www.kaffeebus.ch\/wp-content\/uploads\/2017\/07\/FullSizeRender-1024x700.jpg\" alt=\"\" width=\"700\" height=\"479\" srcset=\"https:\/\/www.kaffeebus.ch\/wp-content\/uploads\/2017\/07\/FullSizeRender-1024x700.jpg 1024w, https:\/\/www.kaffeebus.ch\/wp-content\/uploads\/2017\/07\/FullSizeRender-600x410.jpg 600w, https:\/\/www.kaffeebus.ch\/wp-content\/uploads\/2017\/07\/FullSizeRender-300x205.jpg 300w, https:\/\/www.kaffeebus.ch\/wp-content\/uploads\/2017\/07\/FullSizeRender-768x525.jpg 768w, https:\/\/www.kaffeebus.ch\/wp-content\/uploads\/2017\/07\/FullSizeRender.jpg 1510w\" sizes=\"(max-width: 700px) 100vw, 700px\" \/><\/p>\n<p><img decoding=\"async\" loading=\"lazy\" class=\"alignnone size-large wp-image-207\" src=\"http:\/\/www.kaffeebus.ch\/wp-content\/uploads\/2017\/07\/FullSizeRender2-1024x768.jpg\" alt=\"\" width=\"700\" height=\"525\" srcset=\"https:\/\/www.kaffeebus.ch\/wp-content\/uploads\/2017\/07\/FullSizeRender2-1024x768.jpg 1024w, https:\/\/www.kaffeebus.ch\/wp-content\/uploads\/2017\/07\/FullSizeRender2-600x450.jpg 600w, https:\/\/www.kaffeebus.ch\/wp-content\/uploads\/2017\/07\/FullSizeRender2-300x225.jpg 300w, https:\/\/www.kaffeebus.ch\/wp-content\/uploads\/2017\/07\/FullSizeRender2-768x576.jpg 768w, https:\/\/www.kaffeebus.ch\/wp-content\/uploads\/2017\/07\/FullSizeRender2.jpg 1632w\" sizes=\"(max-width: 700px) 100vw, 700px\" \/><\/p>\n","protected":false},"excerpt":{"rendered":"<p>Dass Charlotte eine gewisse Robustheit an den Tag legen kann, bewies sie auch am vergangenen Wochenende. Der Sommer legte w\u00e4hrend drei Tagen eine kleinere Pause ein und zeigte sich von seiner k\u00e4lteren und vor allem windigeren Seite. Nichtsdestotrotz machten wir uns auf den Weg nach M\u00fcnchenbuchsee zum Tag der offenen T\u00fcr der Firma Schmid Storen. &#8230; <span class=\"more\"><a class=\"more-link\" href=\"https:\/\/www.kaffeebus.ch\/index.php\/2017\/07\/05\/charlotte-in-muenchenbuchsee\/\">[weiterlesen&#8230;]<\/a><\/span><\/p>\n","protected":false},"author":1,"featured_media":205,"comment_status":"closed","ping_status":"closed","sticky":false,"template":"","format":"standard","meta":[],"categories":[1],"tags":[],"_links":{"self":[{"href":"https:\/\/www.kaffeebus.ch\/index.php\/wp-json\/wp\/v2\/posts\/204"}],"collection":[{"href":"https:\/\/www.kaffeebus.ch\/index.php\/wp-json\/wp\/v2\/posts"}],"about":[{"href":"https:\/\/www.kaffeebus.ch\/index.php\/wp-json\/wp\/v2\/types\/post"}],"author":[{"embeddable":true,"href":"https:\/\/www.kaffeebus.ch\/index.php\/wp-json\/wp\/v2\/users\/1"}],"replies":[{"embeddable":true,"href":"https:\/\/www.kaffeebus.ch\/index.php\/wp-json\/wp\/v2\/comments?post=204"}],"version-history":[{"count":3,"href":"https:\/\/www.kaffeebus.ch\/index.php\/wp-json\/wp\/v2\/posts\/204\/revisions"}],"predecessor-version":[{"id":213,"href":"https:\/\/www.kaffeebus.ch\/index.php\/wp-json\/wp\/v2\/posts\/204\/revisions\/213"}],"wp:featuredmedia":[{"embeddable":true,"href":"https:\/\/www.kaffeebus.ch\/index.php\/wp-json\/wp\/v2\/media\/205"}],"wp:attachment":[{"href":"https:\/\/www.kaffeebus.ch\/index.php\/wp-json\/wp\/v2\/media?parent=204"}],"wp:term":[{"taxonomy":"category","embeddable":true,"href":"https:\/\/www.kaffeebus.ch\/index.php\/wp-json\/wp\/v2\/categories?post=204"},{"taxonomy":"post_tag","embeddable":true,"href":"https:\/\/www.kaffeebus.ch\/index.php\/wp-json\/wp\/v2\/tags?post=204"}],"curies":[{"name":"wp","href":"https:\/\/api.w.org\/{rel}","templated":true}]}}