{"id":219,"date":"2017-08-28T17:06:56","date_gmt":"2017-08-28T15:06:56","guid":{"rendered":"http:\/\/www.kaffeebus.ch\/?p=219"},"modified":"2017-08-28T17:06:56","modified_gmt":"2017-08-28T15:06:56","slug":"mit-volldampf-nach-muehleberg","status":"publish","type":"post","link":"https:\/\/www.kaffeebus.ch\/index.php\/2017\/08\/28\/mit-volldampf-nach-muehleberg\/","title":{"rendered":"Mit Volldampf nach M\u00fchleberg"},"content":{"rendered":"<p>Es sind gut zwei Monate vergangen, seit Charlotte an einem heissen Sommertag in M\u00fchleberg die G\u00e4ste mit Kaffee verw\u00f6hnte. Ob es Charlottes Charme wegen oder trotzdem aufgrund der Kaffeequalit\u00e4t ist, dass wir wieder angefragt wurden f\u00fcr das Mitarbeiterfest der BKW sei dahingestellt.<\/p>\n<p>Wir wollten uns auf jeden Fall nicht lumpen lassen und adaptierten unsere Maschinen fr\u00fchzeitig an unsere Bohnensorten von der <a href=\"http:\/\/www.cafemanufaktur.ch\/\" target=\"_blank\" rel=\"noopener\">Kaffeemanufaktur Solothurn<\/a> und der Luzerner <a href=\"https:\/\/www.rast.ch\/\" target=\"_blank\" rel=\"noopener\">R\u00f6sterei Rast<\/a>. Die hohe Luftfeuchtigkeit als auch die w\u00e4hrend des Abends sinkenden Temperaturen zwangen uns jedoch, die M\u00fchlen immer wieder leicht zu justieren.<\/p>\n<p>So erschienen gegen 18 Uhr rund 800 gut gelaunte Personen, welche geh\u00f6rigen Appetit mitbrachten und sich an den verschiedenen Foodtrucks kulinarisch verw\u00f6hnen liessen. Irgendwann kam dann das Bed\u00fcrfnis nach Kaffee auf, was sich dann auch in einer ziemlichen Schlange hinter Charlotte wiederspiegelte. Dem konnten wir aber mit zwei Maschinen gut entgegenwirken.<\/p>\n<p>In diesem Sinne war es f\u00fcr uns buchst\u00e4blich ein Volldampf voraus, denn vor allem der Cappuccino als auch die Espressi fanden guten Anklang. Trotzdem war auch dieses Mal von den Bestellungen her vom Ristretto bis hin zum Latte Macchiatto alles dabei. So drehten sich dann die Gespr\u00e4che teilweise bereits um sehr detaillierte Angaben zum Thema Zubereitung des Kaffees. Diejenigen, welche die Thematik mehr interessiert, k\u00f6nnen sich gerne unter der Rubrik <a href=\"http:\/\/www.kaffeebus.ch\/index.php\/kaffeewissen\/\">Kaffeewissen <\/a>schlau machen.<\/p>\n<p>Auf Fotos m\u00fcssen wir an dieser Stelle leider verzichten, da wir innerhalb des M\u00fchleberg-Gel\u00e4ndes verst\u00e4ndlicherweise keine Aufnahmen machen durften.<\/p>\n<p>&nbsp;<\/p>\n","protected":false},"excerpt":{"rendered":"<p>Es sind gut zwei Monate vergangen, seit Charlotte an einem heissen Sommertag in M\u00fchleberg die G\u00e4ste mit Kaffee verw\u00f6hnte. Ob es Charlottes Charme wegen oder trotzdem aufgrund der Kaffeequalit\u00e4t ist, dass wir wieder angefragt wurden f\u00fcr das Mitarbeiterfest der BKW sei dahingestellt. Wir wollten uns auf jeden Fall nicht lumpen lassen und adaptierten unsere Maschinen &#8230; <span class=\"more\"><a class=\"more-link\" href=\"https:\/\/www.kaffeebus.ch\/index.php\/2017\/08\/28\/mit-volldampf-nach-muehleberg\/\">[weiterlesen&#8230;]<\/a><\/span><\/p>\n","protected":false},"author":1,"featured_media":233,"comment_status":"closed","ping_status":"closed","sticky":false,"template":"","format":"standard","meta":[],"categories":[1],"tags":[],"_links":{"self":[{"href":"https:\/\/www.kaffeebus.ch\/index.php\/wp-json\/wp\/v2\/posts\/219"}],"collection":[{"href":"https:\/\/www.kaffeebus.ch\/index.php\/wp-json\/wp\/v2\/posts"}],"about":[{"href":"https:\/\/www.kaffeebus.ch\/index.php\/wp-json\/wp\/v2\/types\/post"}],"author":[{"embeddable":true,"href":"https:\/\/www.kaffeebus.ch\/index.php\/wp-json\/wp\/v2\/users\/1"}],"replies":[{"embeddable":true,"href":"https:\/\/www.kaffeebus.ch\/index.php\/wp-json\/wp\/v2\/comments?post=219"}],"version-history":[{"count":8,"href":"https:\/\/www.kaffeebus.ch\/index.php\/wp-json\/wp\/v2\/posts\/219\/revisions"}],"predecessor-version":[{"id":240,"href":"https:\/\/www.kaffeebus.ch\/index.php\/wp-json\/wp\/v2\/posts\/219\/revisions\/240"}],"wp:featuredmedia":[{"embeddable":true,"href":"https:\/\/www.kaffeebus.ch\/index.php\/wp-json\/wp\/v2\/media\/233"}],"wp:attachment":[{"href":"https:\/\/www.kaffeebus.ch\/index.php\/wp-json\/wp\/v2\/media?parent=219"}],"wp:term":[{"taxonomy":"category","embeddable":true,"href":"https:\/\/www.kaffeebus.ch\/index.php\/wp-json\/wp\/v2\/categories?post=219"},{"taxonomy":"post_tag","embeddable":true,"href":"https:\/\/www.kaffeebus.ch\/index.php\/wp-json\/wp\/v2\/tags?post=219"}],"curies":[{"name":"wp","href":"https:\/\/api.w.org\/{rel}","templated":true}]}}