{"id":418,"date":"2018-09-29T18:16:58","date_gmt":"2018-09-29T16:16:58","guid":{"rendered":"https:\/\/www.kaffeebus.ch\/?p=418"},"modified":"2018-09-29T18:25:24","modified_gmt":"2018-09-29T16:25:24","slug":"charlotte-und-die-nachhaltigkeit","status":"publish","type":"post","link":"https:\/\/www.kaffeebus.ch\/index.php\/2018\/09\/29\/charlotte-und-die-nachhaltigkeit\/","title":{"rendered":"Charlotte und die Nachhaltigkeit"},"content":{"rendered":"<p>Charlotte steht nach zwei intensiven, sehr sch\u00f6nen Wochen wieder in ihrer Garage und ruht sich von den vielen Eindr\u00fccken aus.\u00a0Auch wir blicken auf eine bewegte Zeit auf dem Waisenhausplatz in Bern zur\u00fcck. Gemeinsam mit Charlotte durften wir im Rahmen der <a href=\"https:\/\/www.kulinata.ch\/\" target=\"_blank\" rel=\"noopener\">Kulinata<\/a> den Barbetrieb w\u00e4hrend zwei Wochen \u00fcbernehmen. Nach rund 50 Liter gesch\u00e4umter Milch, mehreren hundert Espressi und eben so vielen getrunkenen Bieren ziehen wir ein sehr positives Fazit. Insofern g\u00f6nnten auch wir uns nach den langen Tagen selber zwischendurch einen kleinen Feierabendtrunk&#8230;<\/p>\n<div id=\"attachment_420\" style=\"width: 710px\" class=\"wp-caption aligncenter\"><img aria-describedby=\"caption-attachment-420\" decoding=\"async\" loading=\"lazy\" class=\"wp-image-420 size-medium_large\" src=\"https:\/\/www.kaffeebus.ch\/wp-content\/uploads\/2018\/09\/IMG_1146-768x576.jpg\" alt=\"\" width=\"700\" height=\"525\" srcset=\"https:\/\/www.kaffeebus.ch\/wp-content\/uploads\/2018\/09\/IMG_1146-768x576.jpg 768w, https:\/\/www.kaffeebus.ch\/wp-content\/uploads\/2018\/09\/IMG_1146-300x225.jpg 300w, https:\/\/www.kaffeebus.ch\/wp-content\/uploads\/2018\/09\/IMG_1146-1024x768.jpg 1024w, https:\/\/www.kaffeebus.ch\/wp-content\/uploads\/2018\/09\/IMG_1146-600x450.jpg 600w, https:\/\/www.kaffeebus.ch\/wp-content\/uploads\/2018\/09\/IMG_1146.jpg 2016w\" sizes=\"(max-width: 700px) 100vw, 700px\" \/><p id=\"caption-attachment-420\" class=\"wp-caption-text\">Nach einem langen Arbeitstag&#8230;<\/p><\/div>\n<p>Was am 8. September mit einem Paukenschlag begann, entwickelte sich \u00fcber zwei Wochen hinweg zu einer kulinarischen Reise. Ein Paukenschlag deshalb, weil wir beim Er\u00f6ffungsbrunch Kaffeegetr\u00e4nke in Rekordzeit raushauen mussten und dabei immer ein Auge auf den Nachschub von Bohnen, warmen Tassen und gen\u00fcgend Wasser halten mussten. Hatten die Organisatoren bis zuletzt etwas Zweifel, wie viele Leute zu diesem Er\u00f6ffnungsbrunch kommen w\u00fcrden, verflogen diese innert weniger Minuten. Das Zelt wurde richtiggehend \u00fcberrannt. Der Auftakt f\u00fcr zwei vielseitige Wochen war damit gemacht! Einziger Wehrmutstropfen f\u00fcr uns: Es wurde leider eine betr\u00e4chtliche Menge von unserem Kaffeegeschirr nicht zur\u00fcckgebracht sondern einfach mitgenommen. Schade, dass sich hier manche Personen nicht besser im Griff haben&#8230;<\/p>\n<p>Trotzdem danken wir f\u00fcr die vielen Anfragen bez\u00fcglich Kaffeetassen. Wie mit vielen Kaffeeliebhabern diskutiert, k\u00f6nnen die Charlotte-Tassen nun exklusiv bei uns gekauft werden.<\/p>\n<hr \/>\n<h4 style=\"text-align: center;\"><img decoding=\"async\" loading=\"lazy\" class=\"alignnone size-thumbnail wp-image-400\" src=\"https:\/\/www.kaffeebus.ch\/wp-content\/uploads\/2018\/08\/Tassen-Charlotte-150x150.jpg\" alt=\"\" width=\"150\" height=\"150\" srcset=\"https:\/\/www.kaffeebus.ch\/wp-content\/uploads\/2018\/08\/Tassen-Charlotte-150x150.jpg 150w, https:\/\/www.kaffeebus.ch\/wp-content\/uploads\/2018\/08\/Tassen-Charlotte-300x300.jpg 300w, https:\/\/www.kaffeebus.ch\/wp-content\/uploads\/2018\/08\/Tassen-Charlotte-100x100.jpg 100w\" sizes=\"(max-width: 150px) 100vw, 150px\" \/><\/h4>\n<h4 style=\"text-align: center;\">6er-Set, Charlotte-Kaffeetassen inkl. Unterteller<br \/>\n(Cappuccino oder Espresso)<\/h4>\n<p style=\"text-align: center;\">CHF 72.-<\/p>\n<h4 style=\"text-align: center;\"><a href=\"https:\/\/www.kaffeebus.ch\/index.php\/produkt\/kaffeetassen\/\">Shop<\/a><\/h4>\n<hr \/>\n<p>&nbsp;<\/p>\n<div id=\"attachment_426\" style=\"width: 710px\" class=\"wp-caption aligncenter\"><img aria-describedby=\"caption-attachment-426\" decoding=\"async\" loading=\"lazy\" class=\"size-medium_large wp-image-426\" src=\"https:\/\/www.kaffeebus.ch\/wp-content\/uploads\/2018\/09\/IMG_1154-768x1024.jpg\" alt=\"\" width=\"700\" height=\"933\" srcset=\"https:\/\/www.kaffeebus.ch\/wp-content\/uploads\/2018\/09\/IMG_1154-768x1024.jpg 768w, https:\/\/www.kaffeebus.ch\/wp-content\/uploads\/2018\/09\/IMG_1154-225x300.jpg 225w, https:\/\/www.kaffeebus.ch\/wp-content\/uploads\/2018\/09\/IMG_1154-600x800.jpg 600w, https:\/\/www.kaffeebus.ch\/wp-content\/uploads\/2018\/09\/IMG_1154.jpg 1512w\" sizes=\"(max-width: 700px) 100vw, 700px\" \/><p id=\"caption-attachment-426\" class=\"wp-caption-text\">Was soll es sein? Fragen \u00fcber Fragen&#8230;<\/p><\/div>\n<p>Dieser erstmalige und sehr gelungene Versuch der <a href=\"https:\/\/www.kulinata.ch\/\" target=\"_blank\" rel=\"noopener\">Kulinata<\/a>, das Bewusstsein von Food Waste und Nachhaltigkeit im Rahmen eines mehrw\u00f6chigen Events mitten in Bern zu f\u00f6rdern, traf den Nerv der Zeit offenbar sehr gut. Ein in diesem Sinne &#8220;gutes Zeichen&#8221; daf\u00fcr war, dass die Mittagsmen\u00fcs regelm\u00e4ssig in Rekordzeit ausgeschossen waren. Selbst von den Mehlw\u00fcrmern, welche als Garnitur zu einem der vielen Men\u00fcs angeboten wurde, versuchten viele der Besucher\/innen.<\/p>\n<p>Generell war das angebotene Essen so vielseitig wie die Personen, mit denen wir in Gespr\u00e4che verwickelt wurden. Sei dies \u00fcber die Problematik von Food Waste oder \u00fcber die geschmackliche Vielfalt von Kaffeebohnen. Dass unsere <a href=\"https:\/\/www.kaffeebus.ch\/index.php\/kaffeebohnen\/\" target=\"_blank\" rel=\"noopener\">Swipala-Bohnen<\/a> auf eine solch gute Resonanz stossen und wir damit teils auch sehr kritische Kaffeetrinker \u00fcberzeugen konnten, freut uns sehr.<\/p>\n<hr \/>\n<h4 style=\"text-align: center;\"><img decoding=\"async\" loading=\"lazy\" class=\"alignnone size-thumbnail wp-image-433\" src=\"https:\/\/www.kaffeebus.ch\/wp-content\/uploads\/2018\/09\/kaffee_500g-150x150.jpg\" alt=\"\" width=\"150\" height=\"150\" srcset=\"https:\/\/www.kaffeebus.ch\/wp-content\/uploads\/2018\/09\/kaffee_500g-150x150.jpg 150w, https:\/\/www.kaffeebus.ch\/wp-content\/uploads\/2018\/09\/kaffee_500g-300x300.jpg 300w, https:\/\/www.kaffeebus.ch\/wp-content\/uploads\/2018\/09\/kaffee_500g-600x600.jpg 600w, https:\/\/www.kaffeebus.ch\/wp-content\/uploads\/2018\/09\/kaffee_500g-100x100.jpg 100w, https:\/\/www.kaffeebus.ch\/wp-content\/uploads\/2018\/09\/kaffee_500g.jpg 720w\" sizes=\"(max-width: 150px) 100vw, 150px\" \/><\/h4>\n<h4 class=\"entry-title\" style=\"text-align: center;\">BIO Caf\u00e9 Caranavi, 500g<\/h4>\n<p style=\"text-align: center;\">CHF 13.-<\/p>\n<h4 style=\"text-align: center;\"><a href=\"https:\/\/www.kaffeebus.ch\/index.php\/produkt\/bio-cafe-caranavi-500g\/\">Shop<\/a><\/h4>\n<hr \/>\n<p>Ebenfalls immer wieder auf Neugierde stiess das von Barbi\u00e8re gebraute und von uns ausgeschenkte &#8220;Brotbier&#8221;. Ein Bier, bei welchem 20% des Malzes durch altes Brot ersetzt wurde. Auch hier ganz im Sinne von Food Waste.<\/p>\n<div id=\"attachment_421\" style=\"width: 710px\" class=\"wp-caption aligncenter\"><img aria-describedby=\"caption-attachment-421\" decoding=\"async\" loading=\"lazy\" class=\"size-medium_large wp-image-421\" src=\"https:\/\/www.kaffeebus.ch\/wp-content\/uploads\/2018\/09\/IMG_1192-768x1024.jpg\" alt=\"\" width=\"700\" height=\"933\" srcset=\"https:\/\/www.kaffeebus.ch\/wp-content\/uploads\/2018\/09\/IMG_1192-768x1024.jpg 768w, https:\/\/www.kaffeebus.ch\/wp-content\/uploads\/2018\/09\/IMG_1192-225x300.jpg 225w, https:\/\/www.kaffeebus.ch\/wp-content\/uploads\/2018\/09\/IMG_1192-600x800.jpg 600w, https:\/\/www.kaffeebus.ch\/wp-content\/uploads\/2018\/09\/IMG_1192.jpg 1512w\" sizes=\"(max-width: 700px) 100vw, 700px\" \/><p id=\"caption-attachment-421\" class=\"wp-caption-text\">Brot-Bier von Barbi\u00e8re&#8230;<\/p><\/div>\n<p>Die <a href=\"https:\/\/www.kulinata.ch\/\" target=\"_blank\" rel=\"noopener\">Kulinata<\/a> pr\u00e4sentierte jedoch auch im kulturellen Sinn ein interessantes Programm. Eines der Highlights war sicher das Kochduell, unter anderem mit dem Berner Gemeinderat Reto Nause und Benel Kallen, bekannt aus der Sendung &#8220;M\u00e4nnerk\u00fcche&#8221;. Moderiert wurde das Ganze vom Schweizer Gastronomen und Spitzenkoch Ivo Adam.<\/p>\n<p>In diesem Sinne herzlichen Dank dem <a href=\"https:\/\/www.kulinata.ch\/\" target=\"_blank\" rel=\"noopener\">Kulinata<\/a>-Team f\u00fcr die tolle Zeit und ebenfalls ein grosses Merci an <a href=\"https:\/\/www.barbiere-bern.ch\/\" target=\"_blank\" rel=\"noopener\">Barbi\u00e8re<\/a>, <a href=\"https:\/\/www.aarebier.ch\/\" target=\"_blank\" rel=\"noopener\">Aarebier<\/a>, <a href=\"http:\/\/www.schnouse.ch\/home\" target=\"_blank\" rel=\"noopener\">Apfelgold<\/a> und <a href=\"https:\/\/www.aph-kuehlewil.ch\/\" target=\"_blank\" rel=\"noopener\">Alters- und Pflegeheim K\u00fchlewil<\/a> f\u00fcr ihre Qualit\u00e4tsprodukte und die super Zusammenarbeit.<\/p>\n<h4 style=\"text-align: center;\">Unsere Wall of Fame w\u00e4hrend der Kulinata&#8230;<\/h4>\n<div id=\"attachment_423\" style=\"width: 710px\" class=\"wp-caption aligncenter\"><img aria-describedby=\"caption-attachment-423\" decoding=\"async\" loading=\"lazy\" class=\"wp-image-423 size-medium_large\" src=\"https:\/\/www.kaffeebus.ch\/wp-content\/uploads\/2018\/09\/IMG_1179-768x1024.jpg\" alt=\"\" width=\"700\" height=\"933\" srcset=\"https:\/\/www.kaffeebus.ch\/wp-content\/uploads\/2018\/09\/IMG_1179-768x1024.jpg 768w, https:\/\/www.kaffeebus.ch\/wp-content\/uploads\/2018\/09\/IMG_1179-225x300.jpg 225w, https:\/\/www.kaffeebus.ch\/wp-content\/uploads\/2018\/09\/IMG_1179-600x800.jpg 600w, https:\/\/www.kaffeebus.ch\/wp-content\/uploads\/2018\/09\/IMG_1179.jpg 1512w\" sizes=\"(max-width: 700px) 100vw, 700px\" \/><p id=\"caption-attachment-423\" class=\"wp-caption-text\">Das Kochduell wurde von Ivo Adam moderiert.<\/p><\/div>\n<p>&nbsp;<\/p>\n<div id=\"attachment_422\" style=\"width: 710px\" class=\"wp-caption aligncenter\"><img aria-describedby=\"caption-attachment-422\" decoding=\"async\" loading=\"lazy\" class=\"size-medium_large wp-image-422\" src=\"https:\/\/www.kaffeebus.ch\/wp-content\/uploads\/2018\/09\/IMG_4151-768x576.jpg\" alt=\"\" width=\"700\" height=\"525\" srcset=\"https:\/\/www.kaffeebus.ch\/wp-content\/uploads\/2018\/09\/IMG_4151-768x576.jpg 768w, https:\/\/www.kaffeebus.ch\/wp-content\/uploads\/2018\/09\/IMG_4151-300x225.jpg 300w, https:\/\/www.kaffeebus.ch\/wp-content\/uploads\/2018\/09\/IMG_4151-1024x768.jpg 1024w, https:\/\/www.kaffeebus.ch\/wp-content\/uploads\/2018\/09\/IMG_4151-600x450.jpg 600w, https:\/\/www.kaffeebus.ch\/wp-content\/uploads\/2018\/09\/IMG_4151.jpg 2016w\" sizes=\"(max-width: 700px) 100vw, 700px\" \/><p id=\"caption-attachment-422\" class=\"wp-caption-text\">&#8220;Swiss Music Award&#8221;- Gewinner Nemo zu Besuch bei Charlotte.<\/p><\/div>\n<p>&nbsp;<\/p>\n<div id=\"attachment_428\" style=\"width: 710px\" class=\"wp-caption aligncenter\"><img aria-describedby=\"caption-attachment-428\" decoding=\"async\" loading=\"lazy\" class=\"wp-image-428 size-medium_large\" src=\"https:\/\/www.kaffeebus.ch\/wp-content\/uploads\/2018\/09\/IMG_1184-768x1024.jpg\" alt=\"\" width=\"700\" height=\"933\" srcset=\"https:\/\/www.kaffeebus.ch\/wp-content\/uploads\/2018\/09\/IMG_1184-768x1024.jpg 768w, https:\/\/www.kaffeebus.ch\/wp-content\/uploads\/2018\/09\/IMG_1184-225x300.jpg 225w, https:\/\/www.kaffeebus.ch\/wp-content\/uploads\/2018\/09\/IMG_1184-600x800.jpg 600w, https:\/\/www.kaffeebus.ch\/wp-content\/uploads\/2018\/09\/IMG_1184.jpg 1512w\" sizes=\"(max-width: 700px) 100vw, 700px\" \/><p id=\"caption-attachment-428\" class=\"wp-caption-text\">Gemeinderat und Direktor f\u00fcr Sicherheit, Umwelt und Energie: Reto Nause<\/p><\/div>\n<p>&nbsp;<\/p>\n<div id=\"attachment_427\" style=\"width: 710px\" class=\"wp-caption aligncenter\"><img aria-describedby=\"caption-attachment-427\" decoding=\"async\" loading=\"lazy\" class=\"size-medium_large wp-image-427\" src=\"https:\/\/www.kaffeebus.ch\/wp-content\/uploads\/2018\/09\/IMG_1182-768x1024.jpg\" alt=\"\" width=\"700\" height=\"933\" srcset=\"https:\/\/www.kaffeebus.ch\/wp-content\/uploads\/2018\/09\/IMG_1182-768x1024.jpg 768w, https:\/\/www.kaffeebus.ch\/wp-content\/uploads\/2018\/09\/IMG_1182-225x300.jpg 225w, https:\/\/www.kaffeebus.ch\/wp-content\/uploads\/2018\/09\/IMG_1182-600x800.jpg 600w, https:\/\/www.kaffeebus.ch\/wp-content\/uploads\/2018\/09\/IMG_1182.jpg 1512w\" sizes=\"(max-width: 700px) 100vw, 700px\" \/><p id=\"caption-attachment-427\" class=\"wp-caption-text\">Pink ist ihre Welt: Cordelia Hagi von Pink Elefant<\/p><\/div>\n<p>&nbsp;<\/p>\n<div id=\"attachment_429\" style=\"width: 710px\" class=\"wp-caption aligncenter\"><img aria-describedby=\"caption-attachment-429\" decoding=\"async\" loading=\"lazy\" class=\"size-medium_large wp-image-429\" src=\"https:\/\/www.kaffeebus.ch\/wp-content\/uploads\/2018\/09\/IMG_1187-768x1024.jpg\" alt=\"\" width=\"700\" height=\"933\" srcset=\"https:\/\/www.kaffeebus.ch\/wp-content\/uploads\/2018\/09\/IMG_1187-768x1024.jpg 768w, https:\/\/www.kaffeebus.ch\/wp-content\/uploads\/2018\/09\/IMG_1187-225x300.jpg 225w, https:\/\/www.kaffeebus.ch\/wp-content\/uploads\/2018\/09\/IMG_1187-600x800.jpg 600w, https:\/\/www.kaffeebus.ch\/wp-content\/uploads\/2018\/09\/IMG_1187.jpg 1512w\" sizes=\"(max-width: 700px) 100vw, 700px\" \/><p id=\"caption-attachment-429\" class=\"wp-caption-text\">Gewinner von &#8220;M\u00e4nnerk\u00fcche&#8221;: Benel Kallen<\/p><\/div>\n","protected":false},"excerpt":{"rendered":"<p>Charlotte steht nach zwei intensiven, sehr sch\u00f6nen Wochen wieder in ihrer Garage und ruht sich von den vielen Eindr\u00fccken aus.\u00a0Auch wir blicken auf eine bewegte Zeit auf dem Waisenhausplatz in Bern zur\u00fcck. Gemeinsam mit Charlotte durften wir im Rahmen der Kulinata den Barbetrieb w\u00e4hrend zwei Wochen \u00fcbernehmen. Nach rund 50 Liter gesch\u00e4umter Milch, mehreren hundert &#8230; <span class=\"more\"><a class=\"more-link\" href=\"https:\/\/www.kaffeebus.ch\/index.php\/2018\/09\/29\/charlotte-und-die-nachhaltigkeit\/\">[weiterlesen&#8230;]<\/a><\/span><\/p>\n","protected":false},"author":1,"featured_media":425,"comment_status":"closed","ping_status":"closed","sticky":false,"template":"","format":"standard","meta":[],"categories":[1],"tags":[],"_links":{"self":[{"href":"https:\/\/www.kaffeebus.ch\/index.php\/wp-json\/wp\/v2\/posts\/418"}],"collection":[{"href":"https:\/\/www.kaffeebus.ch\/index.php\/wp-json\/wp\/v2\/posts"}],"about":[{"href":"https:\/\/www.kaffeebus.ch\/index.php\/wp-json\/wp\/v2\/types\/post"}],"author":[{"embeddable":true,"href":"https:\/\/www.kaffeebus.ch\/index.php\/wp-json\/wp\/v2\/users\/1"}],"replies":[{"embeddable":true,"href":"https:\/\/www.kaffeebus.ch\/index.php\/wp-json\/wp\/v2\/comments?post=418"}],"version-history":[{"count":6,"href":"https:\/\/www.kaffeebus.ch\/index.php\/wp-json\/wp\/v2\/posts\/418\/revisions"}],"predecessor-version":[{"id":444,"href":"https:\/\/www.kaffeebus.ch\/index.php\/wp-json\/wp\/v2\/posts\/418\/revisions\/444"}],"wp:featuredmedia":[{"embeddable":true,"href":"https:\/\/www.kaffeebus.ch\/index.php\/wp-json\/wp\/v2\/media\/425"}],"wp:attachment":[{"href":"https:\/\/www.kaffeebus.ch\/index.php\/wp-json\/wp\/v2\/media?parent=418"}],"wp:term":[{"taxonomy":"category","embeddable":true,"href":"https:\/\/www.kaffeebus.ch\/index.php\/wp-json\/wp\/v2\/categories?post=418"},{"taxonomy":"post_tag","embeddable":true,"href":"https:\/\/www.kaffeebus.ch\/index.php\/wp-json\/wp\/v2\/tags?post=418"}],"curies":[{"name":"wp","href":"https:\/\/api.w.org\/{rel}","templated":true}]}}